{"id":5720,"date":"2023-04-27T17:07:28","date_gmt":"2023-04-27T15:07:28","guid":{"rendered":"https:\/\/www.kela.health\/hablando-de-antibioticos\/"},"modified":"2023-04-27T17:07:28","modified_gmt":"2023-04-27T15:07:28","slug":"hablando-de-antibioticos","status":"publish","type":"post","link":"https:\/\/www.kela.health\/es\/hablando-de-antibioticos\/","title":{"rendered":"Hablando de antibi\u00f3ticos"},"content":{"rendered":"<p><img decoding=\"async\" loading=\"lazy\" class=\"alignnone size-medium wp-image-5709\" src=\"https:\/\/www.kela.health\/wp-content\/uploads\/2023\/04\/3_shutterstock_375445435_72dpi-SCHAAP-400x266.jpg\" alt=\"\" width=\"400\" height=\"266\" srcset=\"https:\/\/www.kela.health\/wp-content\/uploads\/2023\/04\/3_shutterstock_375445435_72dpi-SCHAAP-400x266.jpg 400w, https:\/\/www.kela.health\/wp-content\/uploads\/2023\/04\/3_shutterstock_375445435_72dpi-SCHAAP-768x511.jpg 768w, https:\/\/www.kela.health\/wp-content\/uploads\/2023\/04\/3_shutterstock_375445435_72dpi-SCHAAP-463x308.jpg 463w, https:\/\/www.kela.health\/wp-content\/uploads\/2023\/04\/3_shutterstock_375445435_72dpi-SCHAAP-848x564.jpg 848w, https:\/\/www.kela.health\/wp-content\/uploads\/2023\/04\/3_shutterstock_375445435_72dpi-SCHAAP.jpg 954w\" sizes=\"(max-width: 400px) 100vw, 400px\" \/><\/p>\n<p>En Kela siempre destacamos la importancia del uso responsable y racional de los antibi\u00f3ticos.<\/p>\n<p>En caso de infecci\u00f3nes bacterianas, los animales deben ser tratados con antibi\u00f3ticos.<\/p>\n<p>Para cada antibi\u00f3tico, la dosis y el intervalo entre dosis son diferentes.<\/p>\n<p>\u00bfSabe a qu\u00e9 se debe esto? Para m\u00e1s informaci\u00f3n, lea nuestro art\u00edculo <a href=\"https:\/\/www.kela.health\/wp-content\/uploads\/2023\/04\/KelAcademy_general_article_talking-about-antibiotics_ENG_final.pdf\">Talking about antibiotics<\/a><\/p>\n<p>&nbsp;<\/p>\n","protected":false},"excerpt":{"rendered":"<p>En Kela siempre destacamos la importancia del uso responsable y racional de los antibi\u00f3ticos. En caso de infecci\u00f3nes bacterianas, los animales deben ser tratados con antibi\u00f3ticos. Para cada antibi\u00f3tico, la dosis y el intervalo entre dosis son diferentes. \u00bfSabe a qu\u00e9 se debe esto? Para m\u00e1s informaci\u00f3n, lea nuestro art\u00edculo Talking about antibiotics &nbsp;<\/p>\n","protected":false},"author":12,"featured_media":5712,"comment_status":"closed","ping_status":"closed","sticky":false,"template":"","format":"standard","meta":{"inline_featured_image":false},"categories":[76],"tags":[],"acf":[],"yoast_head":"<!-- This site is optimized with the Yoast SEO plugin v20.8 - https:\/\/yoast.com\/wordpress\/plugins\/seo\/ -->\n<title>Hablando de antibi\u00f3ticos - Kela Health<\/title>\n<meta name=\"robots\" content=\"index, follow, max-snippet:-1, max-image-preview:large, max-video-preview:-1\" \/>\n<link rel=\"canonical\" href=\"https:\/\/www.kela.health\/talking-about-antibiotics\/\" \/>\n<meta property=\"og:locale\" content=\"es_ES\" \/>\n<meta property=\"og:type\" content=\"article\" \/>\n<meta property=\"og:title\" content=\"Hablando de antibi\u00f3ticos - Kela Health\" \/>\n<meta property=\"og:description\" content=\"En Kela siempre destacamos la importancia del uso responsable y racional de los antibi\u00f3ticos. En caso de infecci\u00f3nes bacterianas, los animales deben ser tratados con antibi\u00f3ticos. Para cada antibi\u00f3tico, la dosis y el intervalo entre dosis son diferentes. \u00bfSabe a qu\u00e9 se debe esto? Para m\u00e1s informaci\u00f3n, lea nuestro art\u00edculo Talking about antibiotics &nbsp;\" \/>\n<meta property=\"og:url\" content=\"https:\/\/www.kela.health\/talking-about-antibiotics\/\" \/>\n<meta property=\"og:site_name\" content=\"Kela Health\" \/>\n<meta property=\"article:publisher\" content=\"https:\/\/www.facebook.com\/Kela.Hoogstraten\/\" \/>\n<meta property=\"article:published_time\" content=\"2023-04-27T15:07:28+00:00\" \/>\n<meta property=\"og:image\" content=\"https:\/\/www.kela.health\/wp-content\/uploads\/2023\/04\/3_shutterstock_375445435_72dpi-SCHAAP.jpg\" \/>\n\t<meta property=\"og:image:width\" content=\"954\" \/>\n\t<meta property=\"og:image:height\" content=\"635\" \/>\n\t<meta property=\"og:image:type\" content=\"image\/jpeg\" \/>\n<meta name=\"author\" content=\"Bieke Van Rooy\" \/>\n<meta name=\"twitter:card\" content=\"summary_large_image\" \/>\n<meta name=\"twitter:label1\" content=\"Written by\" \/>\n\t<meta name=\"twitter:data1\" content=\"Bieke Van Rooy\" \/>\n<script type=\"application\/ld+json\" class=\"yoast-schema-graph\">{\"@context\":\"https:\/\/schema.org\",\"@graph\":[{\"@type\":\"Article\",\"@id\":\"https:\/\/www.kela.health\/talking-about-antibiotics\/#article\",\"isPartOf\":{\"@id\":\"https:\/\/www.kela.health\/talking-about-antibiotics\/\"},\"author\":{\"name\":\"Bieke Van Rooy\",\"@id\":\"https:\/\/www.kela.health\/#\/schema\/person\/b8819943ef930fd9d7866335b179c634\"},\"headline\":\"Hablando de antibi\u00f3ticos\",\"datePublished\":\"2023-04-27T15:07:28+00:00\",\"dateModified\":\"2023-04-27T15:07:28+00:00\",\"mainEntityOfPage\":{\"@id\":\"https:\/\/www.kela.health\/talking-about-antibiotics\/\"},\"wordCount\":65,\"publisher\":{\"@id\":\"https:\/\/www.kela.health\/#organization\"},\"articleSection\":[\"Noticias\"],\"inLanguage\":\"es-ES\"},{\"@type\":\"WebPage\",\"@id\":\"https:\/\/www.kela.health\/talking-about-antibiotics\/\",\"url\":\"https:\/\/www.kela.health\/talking-about-antibiotics\/\",\"name\":\"Hablando de antibi\u00f3ticos - Kela Health\",\"isPartOf\":{\"@id\":\"https:\/\/www.kela.health\/#website\"},\"datePublished\":\"2023-04-27T15:07:28+00:00\",\"dateModified\":\"2023-04-27T15:07:28+00:00\",\"breadcrumb\":{\"@id\":\"https:\/\/www.kela.health\/talking-about-antibiotics\/#breadcrumb\"},\"inLanguage\":\"es-ES\",\"potentialAction\":[{\"@type\":\"ReadAction\",\"target\":[\"https:\/\/www.kela.health\/talking-about-antibiotics\/\"]}]},{\"@type\":\"BreadcrumbList\",\"@id\":\"https:\/\/www.kela.health\/talking-about-antibiotics\/#breadcrumb\",\"itemListElement\":[{\"@type\":\"ListItem\",\"position\":1,\"name\":\"Home\",\"item\":\"https:\/\/www.kela.health\/es\/\"},{\"@type\":\"ListItem\",\"position\":2,\"name\":\"Hablando de antibi\u00f3ticos\"}]},{\"@type\":\"WebSite\",\"@id\":\"https:\/\/www.kela.health\/#website\",\"url\":\"https:\/\/www.kela.health\/\",\"name\":\"Kela Health\",\"description\":\"Focus on health\",\"publisher\":{\"@id\":\"https:\/\/www.kela.health\/#organization\"},\"potentialAction\":[{\"@type\":\"SearchAction\",\"target\":{\"@type\":\"EntryPoint\",\"urlTemplate\":\"https:\/\/www.kela.health\/?s={search_term_string}\"},\"query-input\":\"required name=search_term_string\"}],\"inLanguage\":\"es-ES\"},{\"@type\":\"Organization\",\"@id\":\"https:\/\/www.kela.health\/#organization\",\"name\":\"Kela NV\",\"url\":\"https:\/\/www.kela.health\/\",\"logo\":{\"@type\":\"ImageObject\",\"inLanguage\":\"es-ES\",\"@id\":\"https:\/\/www.kela.health\/#\/schema\/logo\/image\/\",\"url\":\"https:\/\/www.kela.health\/wp-content\/uploads\/2018\/09\/Kela-Pos-RGB.jpg\",\"contentUrl\":\"https:\/\/www.kela.health\/wp-content\/uploads\/2018\/09\/Kela-Pos-RGB.jpg\",\"width\":1000,\"height\":490,\"caption\":\"Kela NV\"},\"image\":{\"@id\":\"https:\/\/www.kela.health\/#\/schema\/logo\/image\/\"},\"sameAs\":[\"https:\/\/www.facebook.com\/Kela.Hoogstraten\/\",\"https:\/\/www.linkedin.com\/company\/kela-laboratoria-n-v-\/\"]},{\"@type\":\"Person\",\"@id\":\"https:\/\/www.kela.health\/#\/schema\/person\/b8819943ef930fd9d7866335b179c634\",\"name\":\"Bieke Van Rooy\"}]}<\/script>\n<!-- \/ Yoast SEO plugin. -->","yoast_head_json":{"title":"Hablando de antibi\u00f3ticos - Kela Health","robots":{"index":"index","follow":"follow","max-snippet":"max-snippet:-1","max-image-preview":"max-image-preview:large","max-video-preview":"max-video-preview:-1"},"canonical":"https:\/\/www.kela.health\/talking-about-antibiotics\/","og_locale":"es_ES","og_type":"article","og_title":"Hablando de antibi\u00f3ticos - Kela Health","og_description":"En Kela siempre destacamos la importancia del uso responsable y racional de los antibi\u00f3ticos. En caso de infecci\u00f3nes bacterianas, los animales deben ser tratados con antibi\u00f3ticos. Para cada antibi\u00f3tico, la dosis y el intervalo entre dosis son diferentes. \u00bfSabe a qu\u00e9 se debe esto? Para m\u00e1s informaci\u00f3n, lea nuestro art\u00edculo Talking about antibiotics &nbsp;","og_url":"https:\/\/www.kela.health\/talking-about-antibiotics\/","og_site_name":"Kela Health","article_publisher":"https:\/\/www.facebook.com\/Kela.Hoogstraten\/","article_published_time":"2023-04-27T15:07:28+00:00","og_image":[{"width":954,"height":635,"url":"https:\/\/www.kela.health\/wp-content\/uploads\/2023\/04\/3_shutterstock_375445435_72dpi-SCHAAP.jpg","type":"image\/jpeg"}],"author":"Bieke Van Rooy","twitter_card":"summary_large_image","twitter_misc":{"Written by":"Bieke Van Rooy"},"schema":{"@context":"https:\/\/schema.org","@graph":[{"@type":"Article","@id":"https:\/\/www.kela.health\/talking-about-antibiotics\/#article","isPartOf":{"@id":"https:\/\/www.kela.health\/talking-about-antibiotics\/"},"author":{"name":"Bieke Van Rooy","@id":"https:\/\/www.kela.health\/#\/schema\/person\/b8819943ef930fd9d7866335b179c634"},"headline":"Hablando de antibi\u00f3ticos","datePublished":"2023-04-27T15:07:28+00:00","dateModified":"2023-04-27T15:07:28+00:00","mainEntityOfPage":{"@id":"https:\/\/www.kela.health\/talking-about-antibiotics\/"},"wordCount":65,"publisher":{"@id":"https:\/\/www.kela.health\/#organization"},"articleSection":["Noticias"],"inLanguage":"es-ES"},{"@type":"WebPage","@id":"https:\/\/www.kela.health\/talking-about-antibiotics\/","url":"https:\/\/www.kela.health\/talking-about-antibiotics\/","name":"Hablando de antibi\u00f3ticos - Kela Health","isPartOf":{"@id":"https:\/\/www.kela.health\/#website"},"datePublished":"2023-04-27T15:07:28+00:00","dateModified":"2023-04-27T15:07:28+00:00","breadcrumb":{"@id":"https:\/\/www.kela.health\/talking-about-antibiotics\/#breadcrumb"},"inLanguage":"es-ES","potentialAction":[{"@type":"ReadAction","target":["https:\/\/www.kela.health\/talking-about-antibiotics\/"]}]},{"@type":"BreadcrumbList","@id":"https:\/\/www.kela.health\/talking-about-antibiotics\/#breadcrumb","itemListElement":[{"@type":"ListItem","position":1,"name":"Home","item":"https:\/\/www.kela.health\/es\/"},{"@type":"ListItem","position":2,"name":"Hablando de antibi\u00f3ticos"}]},{"@type":"WebSite","@id":"https:\/\/www.kela.health\/#website","url":"https:\/\/www.kela.health\/","name":"Kela Health","description":"Focus on health","publisher":{"@id":"https:\/\/www.kela.health\/#organization"},"potentialAction":[{"@type":"SearchAction","target":{"@type":"EntryPoint","urlTemplate":"https:\/\/www.kela.health\/?s={search_term_string}"},"query-input":"required name=search_term_string"}],"inLanguage":"es-ES"},{"@type":"Organization","@id":"https:\/\/www.kela.health\/#organization","name":"Kela NV","url":"https:\/\/www.kela.health\/","logo":{"@type":"ImageObject","inLanguage":"es-ES","@id":"https:\/\/www.kela.health\/#\/schema\/logo\/image\/","url":"https:\/\/www.kela.health\/wp-content\/uploads\/2018\/09\/Kela-Pos-RGB.jpg","contentUrl":"https:\/\/www.kela.health\/wp-content\/uploads\/2018\/09\/Kela-Pos-RGB.jpg","width":1000,"height":490,"caption":"Kela NV"},"image":{"@id":"https:\/\/www.kela.health\/#\/schema\/logo\/image\/"},"sameAs":["https:\/\/www.facebook.com\/Kela.Hoogstraten\/","https:\/\/www.linkedin.com\/company\/kela-laboratoria-n-v-\/"]},{"@type":"Person","@id":"https:\/\/www.kela.health\/#\/schema\/person\/b8819943ef930fd9d7866335b179c634","name":"Bieke Van Rooy"}]}},"_links":{"self":[{"href":"https:\/\/www.kela.health\/es\/wp-json\/wp\/v2\/posts\/5720"}],"collection":[{"href":"https:\/\/www.kela.health\/es\/wp-json\/wp\/v2\/posts"}],"about":[{"href":"https:\/\/www.kela.health\/es\/wp-json\/wp\/v2\/types\/post"}],"author":[{"embeddable":true,"href":"https:\/\/www.kela.health\/es\/wp-json\/wp\/v2\/users\/12"}],"replies":[{"embeddable":true,"href":"https:\/\/www.kela.health\/es\/wp-json\/wp\/v2\/comments?post=5720"}],"version-history":[{"count":0,"href":"https:\/\/www.kela.health\/es\/wp-json\/wp\/v2\/posts\/5720\/revisions"}],"wp:featuredmedia":[{"embeddable":true,"href":"https:\/\/www.kela.health\/es\/wp-json\/wp\/v2\/media\/5712"}],"wp:attachment":[{"href":"https:\/\/www.kela.health\/es\/wp-json\/wp\/v2\/media?parent=5720"}],"wp:term":[{"taxonomy":"category","embeddable":true,"href":"https:\/\/www.kela.health\/es\/wp-json\/wp\/v2\/categories?post=5720"},{"taxonomy":"post_tag","embeddable":true,"href":"https:\/\/www.kela.health\/es\/wp-json\/wp\/v2\/tags?post=5720"}],"curies":[{"name":"wp","href":"https:\/\/api.w.org\/{rel}","templated":true}]}}