{"id":5719,"date":"2023-04-27T17:04:53","date_gmt":"2023-04-27T15:04:53","guid":{"rendered":"https:\/\/www.kela.health\/parlons-des-antibiotiques\/"},"modified":"2023-04-27T17:11:59","modified_gmt":"2023-04-27T15:11:59","slug":"parlons-des-antibiotiques","status":"publish","type":"post","link":"https:\/\/www.kela.health\/fr\/parlons-des-antibiotiques\/","title":{"rendered":"Parlons des antibiotiques"},"content":{"rendered":"<p><img loading=\"lazy\" decoding=\"async\" class=\"alignnone size-medium wp-image-5709\" src=\"https:\/\/www.kela.health\/wp-content\/uploads\/2023\/04\/3_shutterstock_375445435_72dpi-SCHAAP-400x266.jpg\" alt=\"\" width=\"400\" height=\"266\" srcset=\"https:\/\/www.kela.health\/wp-content\/uploads\/2023\/04\/3_shutterstock_375445435_72dpi-SCHAAP-400x266.jpg 400w, https:\/\/www.kela.health\/wp-content\/uploads\/2023\/04\/3_shutterstock_375445435_72dpi-SCHAAP-768x511.jpg 768w, https:\/\/www.kela.health\/wp-content\/uploads\/2023\/04\/3_shutterstock_375445435_72dpi-SCHAAP-463x308.jpg 463w, https:\/\/www.kela.health\/wp-content\/uploads\/2023\/04\/3_shutterstock_375445435_72dpi-SCHAAP-848x564.jpg 848w, https:\/\/www.kela.health\/wp-content\/uploads\/2023\/04\/3_shutterstock_375445435_72dpi-SCHAAP.jpg 954w\" sizes=\"auto, (max-width: 400px) 100vw, 400px\" \/><\/p>\n<p>Chez Kela, nous insistons toujours sur l&#8217;importance d&#8217;une utilisation responsable et rationnelle des antibiotiques.<\/p>\n<p>En cas d&#8217;infections bact\u00e9riennes, les animaux doivent \u00eatre trait\u00e9s avec des antibiotiques. Pour chaque antibiotique, le dosage et l&#8217;intervalle entre les doses sont diff\u00e9rents.<\/p>\n<p>Savez-vous pourquoi ? Pour plus d&#8217;informations, lisez notre article <a href=\"https:\/\/www.kela.health\/wp-content\/uploads\/2023\/04\/KelAcademy_general_article_talking-about-antibiotics_ENG_final.pdf\">Talking about antibiotics<\/a> pour en savoir plus.<\/p>\n<p>&nbsp;<\/p>\n","protected":false},"excerpt":{"rendered":"<p>Chez Kela, nous insistons toujours sur l&#8217;importance d&#8217;une utilisation responsable et rationnelle des antibiotiques. En cas d&#8217;infections bact\u00e9riennes, les animaux doivent \u00eatre trait\u00e9s avec des antibiotiques. Pour chaque antibiotique, le dosage et l&#8217;intervalle entre les doses sont diff\u00e9rents. Savez-vous pourquoi ? Pour plus d&#8217;informations, lisez notre article Talking about antibiotics pour en savoir plus. &nbsp;<\/p>\n","protected":false},"author":12,"featured_media":5711,"comment_status":"closed","ping_status":"closed","sticky":false,"template":"","format":"standard","meta":{"_acf_changed":false,"inline_featured_image":false,"footnotes":""},"categories":[75],"tags":[],"class_list":["post-5719","post","type-post","status-publish","format-standard","has-post-thumbnail","hentry","category-nouvelles"],"acf":[],"yoast_head":"<!-- This site is optimized with the Yoast SEO plugin v28.3 - https:\/\/yoast.com\/product\/yoast-seo-wordpress\/ -->\n<title>Parlons des antibiotiques - Kela Health<\/title>\n<meta name=\"robots\" content=\"index, follow, max-snippet:-1, max-image-preview:large, max-video-preview:-1\" \/>\n<link rel=\"canonical\" href=\"https:\/\/www.kela.health\/fr\/parlons-des-antibiotiques\/\" \/>\n<meta property=\"og:locale\" content=\"fr_FR\" \/>\n<meta property=\"og:type\" content=\"article\" \/>\n<meta property=\"og:title\" content=\"Parlons des antibiotiques - Kela Health\" \/>\n<meta property=\"og:description\" content=\"Chez Kela, nous insistons toujours sur l&#8217;importance d&#8217;une utilisation responsable et rationnelle des antibiotiques. En cas d&#8217;infections bact\u00e9riennes, les animaux doivent \u00eatre trait\u00e9s avec des antibiotiques. Pour chaque antibiotique, le dosage et l&#8217;intervalle entre les doses sont diff\u00e9rents. Savez-vous pourquoi ? Pour plus d&#8217;informations, lisez notre article Talking about antibiotics pour en savoir plus. &nbsp;\" \/>\n<meta property=\"og:url\" content=\"https:\/\/www.kela.health\/fr\/parlons-des-antibiotiques\/\" \/>\n<meta property=\"og:site_name\" content=\"Kela Health\" \/>\n<meta property=\"article:publisher\" content=\"https:\/\/www.facebook.com\/Kela.Hoogstraten\/\" \/>\n<meta property=\"article:published_time\" content=\"2023-04-27T15:04:53+00:00\" \/>\n<meta property=\"article:modified_time\" content=\"2023-04-27T15:11:59+00:00\" \/>\n<meta property=\"og:image\" content=\"https:\/\/www.kela.health\/wp-content\/uploads\/2023\/04\/3_shutterstock_375445435_72dpi-SCHAAP.jpg\" \/>\n\t<meta property=\"og:image:width\" content=\"954\" \/>\n\t<meta property=\"og:image:height\" content=\"635\" \/>\n\t<meta property=\"og:image:type\" content=\"image\/jpeg\" \/>\n<meta name=\"author\" content=\"Bieke Van Rooy\" \/>\n<meta name=\"twitter:card\" content=\"summary_large_image\" \/>\n<meta name=\"twitter:label1\" content=\"Written by\" \/>\n\t<meta name=\"twitter:data1\" content=\"Bieke Van Rooy\" \/>\n<script type=\"application\/ld+json\" class=\"yoast-schema-graph\">{\"@context\":\"https:\\\/\\\/schema.org\",\"@graph\":[{\"@type\":\"Article\",\"@id\":\"https:\\\/\\\/www.kela.health\\\/fr\\\/parlons-des-antibiotiques\\\/#article\",\"isPartOf\":{\"@id\":\"https:\\\/\\\/www.kela.health\\\/fr\\\/parlons-des-antibiotiques\\\/\"},\"author\":{\"name\":\"Bieke Van Rooy\",\"@id\":\"https:\\\/\\\/www.kela.health\\\/#\\\/schema\\\/person\\\/b8819943ef930fd9d7866335b179c634\"},\"headline\":\"Parlons des antibiotiques\",\"datePublished\":\"2023-04-27T15:04:53+00:00\",\"dateModified\":\"2023-04-27T15:11:59+00:00\",\"mainEntityOfPage\":{\"@id\":\"https:\\\/\\\/www.kela.health\\\/fr\\\/parlons-des-antibiotiques\\\/\"},\"wordCount\":65,\"publisher\":{\"@id\":\"https:\\\/\\\/www.kela.health\\\/#organization\"},\"image\":{\"@id\":\"https:\\\/\\\/www.kela.health\\\/fr\\\/parlons-des-antibiotiques\\\/#primaryimage\"},\"thumbnailUrl\":\"https:\\\/\\\/www.kela.health\\\/wp-content\\\/uploads\\\/2023\\\/04\\\/3_shutterstock_375445435_72dpi-SCHAAP.jpg\",\"articleSection\":[\"Nouvelles\"],\"inLanguage\":\"fr-FR\"},{\"@type\":\"WebPage\",\"@id\":\"https:\\\/\\\/www.kela.health\\\/fr\\\/parlons-des-antibiotiques\\\/\",\"url\":\"https:\\\/\\\/www.kela.health\\\/fr\\\/parlons-des-antibiotiques\\\/\",\"name\":\"Parlons des antibiotiques - Kela Health\",\"isPartOf\":{\"@id\":\"https:\\\/\\\/www.kela.health\\\/#website\"},\"primaryImageOfPage\":{\"@id\":\"https:\\\/\\\/www.kela.health\\\/fr\\\/parlons-des-antibiotiques\\\/#primaryimage\"},\"image\":{\"@id\":\"https:\\\/\\\/www.kela.health\\\/fr\\\/parlons-des-antibiotiques\\\/#primaryimage\"},\"thumbnailUrl\":\"https:\\\/\\\/www.kela.health\\\/wp-content\\\/uploads\\\/2023\\\/04\\\/3_shutterstock_375445435_72dpi-SCHAAP.jpg\",\"datePublished\":\"2023-04-27T15:04:53+00:00\",\"dateModified\":\"2023-04-27T15:11:59+00:00\",\"breadcrumb\":{\"@id\":\"https:\\\/\\\/www.kela.health\\\/fr\\\/parlons-des-antibiotiques\\\/#breadcrumb\"},\"inLanguage\":\"fr-FR\",\"potentialAction\":[{\"@type\":\"ReadAction\",\"target\":[\"https:\\\/\\\/www.kela.health\\\/fr\\\/parlons-des-antibiotiques\\\/\"]}]},{\"@type\":\"ImageObject\",\"inLanguage\":\"fr-FR\",\"@id\":\"https:\\\/\\\/www.kela.health\\\/fr\\\/parlons-des-antibiotiques\\\/#primaryimage\",\"url\":\"https:\\\/\\\/www.kela.health\\\/wp-content\\\/uploads\\\/2023\\\/04\\\/3_shutterstock_375445435_72dpi-SCHAAP.jpg\",\"contentUrl\":\"https:\\\/\\\/www.kela.health\\\/wp-content\\\/uploads\\\/2023\\\/04\\\/3_shutterstock_375445435_72dpi-SCHAAP.jpg\",\"width\":954,\"height\":635},{\"@type\":\"BreadcrumbList\",\"@id\":\"https:\\\/\\\/www.kela.health\\\/fr\\\/parlons-des-antibiotiques\\\/#breadcrumb\",\"itemListElement\":[{\"@type\":\"ListItem\",\"position\":1,\"name\":\"Home\",\"item\":\"https:\\\/\\\/www.kela.health\\\/fr\\\/\"},{\"@type\":\"ListItem\",\"position\":2,\"name\":\"Parlons des antibiotiques\"}]},{\"@type\":\"WebSite\",\"@id\":\"https:\\\/\\\/www.kela.health\\\/#website\",\"url\":\"https:\\\/\\\/www.kela.health\\\/\",\"name\":\"Kela Health\",\"description\":\"Focus on health\",\"publisher\":{\"@id\":\"https:\\\/\\\/www.kela.health\\\/#organization\"},\"potentialAction\":[{\"@type\":\"SearchAction\",\"target\":{\"@type\":\"EntryPoint\",\"urlTemplate\":\"https:\\\/\\\/www.kela.health\\\/?s={search_term_string}\"},\"query-input\":{\"@type\":\"PropertyValueSpecification\",\"valueRequired\":true,\"valueName\":\"search_term_string\"}}],\"inLanguage\":\"fr-FR\"},{\"@type\":\"Organization\",\"@id\":\"https:\\\/\\\/www.kela.health\\\/#organization\",\"name\":\"Kela NV\",\"url\":\"https:\\\/\\\/www.kela.health\\\/\",\"logo\":{\"@type\":\"ImageObject\",\"inLanguage\":\"fr-FR\",\"@id\":\"https:\\\/\\\/www.kela.health\\\/#\\\/schema\\\/logo\\\/image\\\/\",\"url\":\"https:\\\/\\\/www.kela.health\\\/wp-content\\\/uploads\\\/2018\\\/09\\\/Kela-Pos-RGB.jpg\",\"contentUrl\":\"https:\\\/\\\/www.kela.health\\\/wp-content\\\/uploads\\\/2018\\\/09\\\/Kela-Pos-RGB.jpg\",\"width\":1000,\"height\":490,\"caption\":\"Kela NV\"},\"image\":{\"@id\":\"https:\\\/\\\/www.kela.health\\\/#\\\/schema\\\/logo\\\/image\\\/\"},\"sameAs\":[\"https:\\\/\\\/www.facebook.com\\\/Kela.Hoogstraten\\\/\",\"https:\\\/\\\/www.linkedin.com\\\/company\\\/kela-laboratoria-n-v-\\\/\"]},{\"@type\":\"Person\",\"@id\":\"https:\\\/\\\/www.kela.health\\\/#\\\/schema\\\/person\\\/b8819943ef930fd9d7866335b179c634\",\"name\":\"Bieke Van Rooy\"}]}<\/script>\n<!-- \/ Yoast SEO plugin. -->","yoast_head_json":{"title":"Parlons des antibiotiques - Kela Health","robots":{"index":"index","follow":"follow","max-snippet":"max-snippet:-1","max-image-preview":"max-image-preview:large","max-video-preview":"max-video-preview:-1"},"canonical":"https:\/\/www.kela.health\/fr\/parlons-des-antibiotiques\/","og_locale":"fr_FR","og_type":"article","og_title":"Parlons des antibiotiques - Kela Health","og_description":"Chez Kela, nous insistons toujours sur l&#8217;importance d&#8217;une utilisation responsable et rationnelle des antibiotiques. En cas d&#8217;infections bact\u00e9riennes, les animaux doivent \u00eatre trait\u00e9s avec des antibiotiques. Pour chaque antibiotique, le dosage et l&#8217;intervalle entre les doses sont diff\u00e9rents. Savez-vous pourquoi ? Pour plus d&#8217;informations, lisez notre article Talking about antibiotics pour en savoir plus. &nbsp;","og_url":"https:\/\/www.kela.health\/fr\/parlons-des-antibiotiques\/","og_site_name":"Kela Health","article_publisher":"https:\/\/www.facebook.com\/Kela.Hoogstraten\/","article_published_time":"2023-04-27T15:04:53+00:00","article_modified_time":"2023-04-27T15:11:59+00:00","og_image":[{"width":954,"height":635,"url":"https:\/\/www.kela.health\/wp-content\/uploads\/2023\/04\/3_shutterstock_375445435_72dpi-SCHAAP.jpg","type":"image\/jpeg"}],"author":"Bieke Van Rooy","twitter_card":"summary_large_image","twitter_misc":{"Written by":"Bieke Van Rooy"},"schema":{"@context":"https:\/\/schema.org","@graph":[{"@type":"Article","@id":"https:\/\/www.kela.health\/fr\/parlons-des-antibiotiques\/#article","isPartOf":{"@id":"https:\/\/www.kela.health\/fr\/parlons-des-antibiotiques\/"},"author":{"name":"Bieke Van Rooy","@id":"https:\/\/www.kela.health\/#\/schema\/person\/b8819943ef930fd9d7866335b179c634"},"headline":"Parlons des antibiotiques","datePublished":"2023-04-27T15:04:53+00:00","dateModified":"2023-04-27T15:11:59+00:00","mainEntityOfPage":{"@id":"https:\/\/www.kela.health\/fr\/parlons-des-antibiotiques\/"},"wordCount":65,"publisher":{"@id":"https:\/\/www.kela.health\/#organization"},"image":{"@id":"https:\/\/www.kela.health\/fr\/parlons-des-antibiotiques\/#primaryimage"},"thumbnailUrl":"https:\/\/www.kela.health\/wp-content\/uploads\/2023\/04\/3_shutterstock_375445435_72dpi-SCHAAP.jpg","articleSection":["Nouvelles"],"inLanguage":"fr-FR"},{"@type":"WebPage","@id":"https:\/\/www.kela.health\/fr\/parlons-des-antibiotiques\/","url":"https:\/\/www.kela.health\/fr\/parlons-des-antibiotiques\/","name":"Parlons des antibiotiques - Kela Health","isPartOf":{"@id":"https:\/\/www.kela.health\/#website"},"primaryImageOfPage":{"@id":"https:\/\/www.kela.health\/fr\/parlons-des-antibiotiques\/#primaryimage"},"image":{"@id":"https:\/\/www.kela.health\/fr\/parlons-des-antibiotiques\/#primaryimage"},"thumbnailUrl":"https:\/\/www.kela.health\/wp-content\/uploads\/2023\/04\/3_shutterstock_375445435_72dpi-SCHAAP.jpg","datePublished":"2023-04-27T15:04:53+00:00","dateModified":"2023-04-27T15:11:59+00:00","breadcrumb":{"@id":"https:\/\/www.kela.health\/fr\/parlons-des-antibiotiques\/#breadcrumb"},"inLanguage":"fr-FR","potentialAction":[{"@type":"ReadAction","target":["https:\/\/www.kela.health\/fr\/parlons-des-antibiotiques\/"]}]},{"@type":"ImageObject","inLanguage":"fr-FR","@id":"https:\/\/www.kela.health\/fr\/parlons-des-antibiotiques\/#primaryimage","url":"https:\/\/www.kela.health\/wp-content\/uploads\/2023\/04\/3_shutterstock_375445435_72dpi-SCHAAP.jpg","contentUrl":"https:\/\/www.kela.health\/wp-content\/uploads\/2023\/04\/3_shutterstock_375445435_72dpi-SCHAAP.jpg","width":954,"height":635},{"@type":"BreadcrumbList","@id":"https:\/\/www.kela.health\/fr\/parlons-des-antibiotiques\/#breadcrumb","itemListElement":[{"@type":"ListItem","position":1,"name":"Home","item":"https:\/\/www.kela.health\/fr\/"},{"@type":"ListItem","position":2,"name":"Parlons des antibiotiques"}]},{"@type":"WebSite","@id":"https:\/\/www.kela.health\/#website","url":"https:\/\/www.kela.health\/","name":"Kela Health","description":"Focus on health","publisher":{"@id":"https:\/\/www.kela.health\/#organization"},"potentialAction":[{"@type":"SearchAction","target":{"@type":"EntryPoint","urlTemplate":"https:\/\/www.kela.health\/?s={search_term_string}"},"query-input":{"@type":"PropertyValueSpecification","valueRequired":true,"valueName":"search_term_string"}}],"inLanguage":"fr-FR"},{"@type":"Organization","@id":"https:\/\/www.kela.health\/#organization","name":"Kela NV","url":"https:\/\/www.kela.health\/","logo":{"@type":"ImageObject","inLanguage":"fr-FR","@id":"https:\/\/www.kela.health\/#\/schema\/logo\/image\/","url":"https:\/\/www.kela.health\/wp-content\/uploads\/2018\/09\/Kela-Pos-RGB.jpg","contentUrl":"https:\/\/www.kela.health\/wp-content\/uploads\/2018\/09\/Kela-Pos-RGB.jpg","width":1000,"height":490,"caption":"Kela NV"},"image":{"@id":"https:\/\/www.kela.health\/#\/schema\/logo\/image\/"},"sameAs":["https:\/\/www.facebook.com\/Kela.Hoogstraten\/","https:\/\/www.linkedin.com\/company\/kela-laboratoria-n-v-\/"]},{"@type":"Person","@id":"https:\/\/www.kela.health\/#\/schema\/person\/b8819943ef930fd9d7866335b179c634","name":"Bieke Van Rooy"}]}},"_links":{"self":[{"href":"https:\/\/www.kela.health\/fr\/wp-json\/wp\/v2\/posts\/5719","targetHints":{"allow":["GET"]}}],"collection":[{"href":"https:\/\/www.kela.health\/fr\/wp-json\/wp\/v2\/posts"}],"about":[{"href":"https:\/\/www.kela.health\/fr\/wp-json\/wp\/v2\/types\/post"}],"author":[{"embeddable":true,"href":"https:\/\/www.kela.health\/fr\/wp-json\/wp\/v2\/users\/12"}],"replies":[{"embeddable":true,"href":"https:\/\/www.kela.health\/fr\/wp-json\/wp\/v2\/comments?post=5719"}],"version-history":[{"count":1,"href":"https:\/\/www.kela.health\/fr\/wp-json\/wp\/v2\/posts\/5719\/revisions"}],"predecessor-version":[{"id":5722,"href":"https:\/\/www.kela.health\/fr\/wp-json\/wp\/v2\/posts\/5719\/revisions\/5722"}],"wp:featuredmedia":[{"embeddable":true,"href":"https:\/\/www.kela.health\/fr\/wp-json\/wp\/v2\/media\/5711"}],"wp:attachment":[{"href":"https:\/\/www.kela.health\/fr\/wp-json\/wp\/v2\/media?parent=5719"}],"wp:term":[{"taxonomy":"category","embeddable":true,"href":"https:\/\/www.kela.health\/fr\/wp-json\/wp\/v2\/categories?post=5719"},{"taxonomy":"post_tag","embeddable":true,"href":"https:\/\/www.kela.health\/fr\/wp-json\/wp\/v2\/tags?post=5719"}],"curies":[{"name":"wp","href":"https:\/\/api.w.org\/{rel}","templated":true}]}}